{"id":17294,"date":"2024-09-03T10:51:30","date_gmt":"2024-09-03T08:51:30","guid":{"rendered":"https:\/\/melo.no\/?p=17294"},"modified":"2024-12-25T15:26:41","modified_gmt":"2024-12-25T14:26:41","slug":"fikk-ikke-yrkesskadedekning-etter-skade-pa-hjemmekontor","status":"publish","type":"post","link":"https:\/\/melo.no\/en\/juridisk-innsikt\/arbeidsrett\/fikk-ikke-yrkesskadedekning-etter-skade-pa-hjemmekontor\/","title":{"rendered":"Fikk ikke yrkesskadedekning etter skade p\u00e5 hjemmekontor"},"content":{"rendered":"<div id=\"fws_69f1b67026650\"  data-midnight=\"dark\" data-top-percent=\"3%\"  data-bg-mobile-hidden=\"\" class=\"wpb_row vc_row-fluid vc_row standard_section\"  style=\"padding-top: calc(100vw * 0.03); padding-bottom: 0px; \"><div class=\"row-bg-wrap\" data-bg-animation=\"none\"><div class=\"inner-wrap\"><div class=\"row-bg\"  style=\"\"><\/div><\/div><div class=\"row-bg-overlay\" ><\/div><\/div><div class=\"col span_12 dark left\">\n\t<div  class=\"vc_col-sm-8 wpb_column column_container vc_column_container col no-extra-padding\"  data-t-w-inherits=\"default\" data-border-radius=\"none\" data-shadow=\"none\" data-border-animation=\"\" data-border-animation-delay=\"\" data-border-width=\"none\" data-border-style=\"solid\" data-border-color=\"\" data-bg-cover=\"\" data-padding-pos=\"all\" data-has-bg-color=\"false\" data-bg-color=\"\" data-bg-opacity=\"1\" data-hover-bg=\"\" data-hover-bg-opacity=\"1\" data-animation=\"\" data-delay=\"0\" ><div class=\"column-bg-overlay\"><\/div>\n\t\t<div class=\"vc_column-inner\">\n\t\t\t<div class=\"wpb_wrapper\">\n\t\t\t\t<div id=\"fws_69f1b67026c8a\" data-midnight=\"\" data-column-margin=\"default\" data-bg-mobile-hidden=\"\" class=\"wpb_row vc_row-fluid vc_row inner_row standard_section\"  style=\"padding-top: 0px; padding-bottom: 0px; \"><div class=\"row-bg-wrap\"> <div class=\"row-bg\"  style=\"\"><\/div> <\/div><div class=\"col span_12  left\">\n\t<div  class=\"vc_col-sm-12 wpb_column column_container vc_column_container col has-animation no-extra-padding\"   data-t-w-inherits=\"default\" data-shadow=\"none\" data-border-radius=\"none\" data-border-animation=\"\" data-border-animation-delay=\"\" data-border-width=\"none\" data-border-style=\"solid\" data-border-color=\"\" data-bg-cover=\"\" data-padding-pos=\"top-bottom\" data-has-bg-color=\"false\" data-bg-color=\"\" data-bg-opacity=\"1\" data-hover-bg=\"\" data-hover-bg-opacity=\"1\" data-animation=\"fade-in-from-bottom\" data-delay=\"0\"><div class=\"column-bg-overlay\"><\/div>\n\t\t<div class=\"vc_column-inner\">\n\t\t<div class=\"wpb_wrapper\">\n\t\t\t\r\n<div class=\"wpb_text_column wpb_content_element  vc_custom_1735136800262\" >\r\n\t<div class=\"wpb_wrapper\">\r\n\t\t<p>En lege tok under en helgevakt matpause i hjemmet, etter \u00e5 ha hatt en arbeids\u00f8kt der. Da hun gikk ut i hagen for \u00e5 spise, falt hun og skadet foten stygt. Planen var at hun etter pausen skulle reise inn til sykehuset og fortsette arbeidet.<\/p>\n<h3>H\u00f8yesterett fant at legen ikke var i arbeid da skaden inntraff<\/h3>\n<p>H\u00f8yesterett kom til at legen ikke var \u00abi arbeid\u00bb da skaden inntraff. Hun hadde derfor ikke krav p\u00e5 yrkesskadedekning. Begrunnelsen var at skader som skjer i pauser fra arbeidet p\u00e5 hjemmekontor, faller utenfor lovens ordlyd. Videre tilsa de s\u00e6rtrekk som knytter seg til hjemmet, at arbeidstakerne bare er dekket p\u00e5 hjemmekontor mens arbeid utf\u00f8res. Den romslige praksisen som gjelder for skader som skjer i pauser p\u00e5 det ordin\u00e6re arbeidsstedet, fikk ikke anvendelse.<\/p>\n<h3>Dissens<\/h3>\n<p>To dommere dissenterte. De mente det fulgte av langvarig lovforst\u00e5else at matpauser var omfattet av yrkesskadedekningen og at dette ogs\u00e5 m\u00e5tte gjelde matpauser p\u00e5 hjemmekontor.<\/p>\n<h3>Betydningen av dommen<\/h3>\n<p>Dommen avklarer at arbeidstakere ikke er yrkesskadedekket n\u00e5r de tar pauser i hjemmet fra arbeidet.<\/p>\n<p>Source: <a href=\"https:\/\/www.domstol.no\/no\/hoyesterett\/avgjorelser\/avgjorelser-2024\/hoyesterett---sivil\/HR-2024-1571-A\/\">H\u00f8yesterett<\/a><\/p>\n\t<\/div>\r\n<\/div>\r\n\r\n\r\n\r\n\n\t\t<\/div> \n\t<\/div>\n\t<\/div> \n<\/div><\/div>\n\t\t\t<\/div> \n\t\t<\/div>\n\t<\/div> \n\n\t<div  class=\"vc_col-sm-4 wpb_column column_container vc_column_container col no-extra-padding\"  data-t-w-inherits=\"default\" data-border-radius=\"none\" data-shadow=\"none\" data-border-animation=\"\" data-border-animation-delay=\"\" data-border-width=\"none\" data-border-style=\"solid\" data-border-color=\"\" data-bg-cover=\"\" data-padding-pos=\"all\" data-has-bg-color=\"false\" data-bg-color=\"\" data-bg-opacity=\"1\" data-hover-bg=\"\" data-hover-bg-opacity=\"1\" data-animation=\"\" data-delay=\"0\" ><div class=\"column-bg-overlay\"><\/div>\n\t\t<div class=\"vc_column-inner\">\n\t\t\t<div class=\"wpb_wrapper\">\n\t\t\t\t<div id=\"fws_69f1b67027344\" data-midnight=\"\" data-column-margin=\"default\" data-bg-mobile-hidden=\"\" class=\"wpb_row vc_row-fluid vc_row inner_row standard_section\"  style=\"padding-top: 0px; padding-bottom: 0px; \"><div class=\"row-bg-wrap\"> <div class=\"row-bg\"  style=\"\"><\/div> <\/div><div class=\"col span_12  left\">\n\t<div  class=\"vc_col-sm-12 wpb_column column_container vc_column_container col no-extra-padding\"   data-t-w-inherits=\"default\" data-shadow=\"none\" data-border-radius=\"10px\" data-border-animation=\"\" data-border-animation-delay=\"\" data-border-width=\"none\" data-border-style=\"solid\" data-border-color=\"\" data-bg-cover=\"\" data-padding-pos=\"all\" data-has-bg-color=\"false\" data-bg-color=\"\" data-bg-opacity=\"1\" data-hover-bg=\"\" data-hover-bg-opacity=\"1\" data-animation=\"\" data-delay=\"0\"><div class=\"column-bg-overlay\"><\/div>\n\t\t<div class=\"vc_column-inner\">\n\t\t<div class=\"wpb_wrapper\">\n\t\t\t<div class=\"team-member\" data-style=\"meta_below\"><img decoding=\"async\" alt=\"Martin Edelsteen Woll\" src=\"https:\/\/melo.no\/wp-content\/uploads\/2022\/05\/Martin-1-scaled.jpg\" title=\"Martin Edelsteen Woll\" \/><h4 class=\"light\">Martin Edelsteen Woll<\/h4><div class=\"position\">Lawyer<\/div><p class=\"description\">mwoll@melo.no<br \/>\n+47 414 87 832<\/p><\/div>\n\t\t<\/div> \n\t<\/div>\n\t<\/div> \n<\/div><\/div>\n\t\t\t<\/div> \n\t\t<\/div>\n\t<\/div> \n<\/div><\/div>\n\t\t<div id=\"fws_69f1b67027e52\"  data-midnight=\"dark\"  data-bg-mobile-hidden=\"\" class=\"wpb_row vc_row-fluid vc_row standard_section\"  style=\"padding-top: 0px; padding-bottom: 0px; \"><div class=\"row-bg-wrap\" data-bg-animation=\"none\"><div class=\"inner-wrap\"><div class=\"row-bg\"  style=\"\"><\/div><\/div><div class=\"row-bg-overlay\" ><\/div><\/div><div class=\"col span_12 dark left\">\n\t<div  class=\"vc_col-sm-12 wpb_column column_container vc_column_container col no-extra-padding\"  data-t-w-inherits=\"default\" data-border-radius=\"none\" data-shadow=\"none\" data-border-animation=\"\" data-border-animation-delay=\"\" data-border-width=\"none\" data-border-style=\"solid\" data-border-color=\"\" data-bg-cover=\"\" data-padding-pos=\"all\" data-has-bg-color=\"false\" data-bg-color=\"\" data-bg-opacity=\"1\" data-hover-bg=\"\" data-hover-bg-opacity=\"1\" data-animation=\"\" data-delay=\"0\" ><div class=\"column-bg-overlay\"><\/div>\n\t\t<div class=\"vc_column-inner\">\n\t\t\t<div class=\"wpb_wrapper\">\n\t\t\t\t<div class=\"divider-wrap\" data-alignment=\"default\"><div style=\"height: 15px;\" class=\"divider\"><\/div><\/div>\n\t\t\t<\/div> \n\t\t<\/div>\n\t<\/div> \n<\/div><\/div>\n\t\t<div id=\"fws_69f1b670284f9\"  data-midnight=\"light\" data-top-percent=\"6%\" data-bottom-percent=\"6%\"  data-bg-mobile-hidden=\"\" class=\"wpb_row vc_row-fluid vc_row full-width-section  vc_row-o-equal-height vc_row-flex  vc_row-o-content-middle standard_section\"  style=\"padding-top: calc(100vw * 0.06); padding-bottom: calc(100vw * 0.06); \"><div class=\"row-bg-wrap\" data-bg-animation=\"none\"><div class=\"inner-wrap using-image\"><div class=\"row-bg using-image\"  style=\"background-image: url(https:\/\/melo.no\/wp-content\/uploads\/2020\/10\/Kalender.jpg); background-position: center center; background-repeat: no-repeat; \"><\/div><\/div><div class=\"row-bg-overlay\" style=\"background-color:rgba(10,6,6,0.84);  opacity: 0.5; \"><\/div><\/div><div class=\"col span_12 light left\">\n\t<div  class=\"vc_col-sm-12 wpb_column column_container vc_column_container col no-extra-padding\"  data-t-w-inherits=\"default\" data-border-radius=\"none\" data-shadow=\"none\" data-border-animation=\"\" data-border-animation-delay=\"\" data-border-width=\"none\" data-border-style=\"solid\" data-border-color=\"\" data-bg-cover=\"\" data-padding-pos=\"all\" data-has-bg-color=\"false\" data-bg-color=\"\" data-bg-opacity=\"1\" data-hover-bg=\"\" data-hover-bg-opacity=\"1\" data-animation=\"\" data-delay=\"0\" ><div class=\"column-bg-overlay\"><\/div>\n\t\t<div class=\"vc_column-inner\">\n\t\t\t<div class=\"wpb_wrapper\">\n\t\t\t\t<div id=\"fws_69f1b67028835\" data-midnight=\"\" data-column-margin=\"default\" data-bg-mobile-hidden=\"\" class=\"wpb_row vc_row-fluid vc_row inner_row standard_section\"  style=\"padding-top: 0px; padding-bottom: 0px; \"><div class=\"row-bg-wrap\"> <div class=\"row-bg\"  style=\"\"><\/div> <\/div><div class=\"col span_12  left\">\n\t<div  class=\"vc_col-sm-2 wpb_column column_container vc_column_container col no-extra-padding\"   data-t-w-inherits=\"default\" data-shadow=\"none\" data-border-radius=\"none\" data-border-animation=\"\" data-border-animation-delay=\"\" data-border-width=\"none\" data-border-style=\"solid\" data-border-color=\"\" data-bg-cover=\"\" data-padding-pos=\"all\" data-has-bg-color=\"false\" data-bg-color=\"\" data-bg-opacity=\"1\" data-hover-bg=\"\" data-hover-bg-opacity=\"1\" data-animation=\"\" data-delay=\"0\"><div class=\"column-bg-overlay\"><\/div>\n\t\t<div class=\"vc_column-inner\">\n\t\t<div class=\"wpb_wrapper\">\n\t\t\t\n\t\t<\/div> \n\t<\/div>\n\t<\/div> \n\n\t<div  class=\"vc_col-sm-8 wpb_column column_container vc_column_container col centered-text padding-2-percent\"   data-t-w-inherits=\"default\" data-shadow=\"none\" data-border-radius=\"none\" data-border-animation=\"\" data-border-animation-delay=\"\" data-border-width=\"none\" data-border-style=\"solid\" data-border-color=\"\" data-bg-cover=\"\" data-padding-pos=\"left-right\" data-has-bg-color=\"false\" data-bg-color=\"\" data-bg-opacity=\"1\" data-hover-bg=\"\" data-hover-bg-opacity=\"1\" data-animation=\"\" data-delay=\"0\"><div class=\"column-bg-overlay\"><\/div>\n\t\t<div class=\"vc_column-inner\">\n\t\t<div class=\"wpb_wrapper\">\n\t\t\t<h2 style=\"font-size: 40px;line-height: 52px;text-align: center\" class=\"vc_custom_heading wpb_animate_when_almost_visible wpb_fadeInUp fadeInUp\" >Any questions regarding labour law?<\/h2><div class=\"divider-wrap\" data-alignment=\"default\"><div style=\"height: 40px;\" class=\"divider\"><\/div><\/div><a class=\"nectar-button large see-through-3  has-icon wpb_animate_when_almost_visible wpb_zoomIn zoomIn\"  style=\"border-color: #d1b48d;\"  href=\"mailto:post@melo.no\" data-color-override=\"#d1b48d\" data-hover-color-override=\"false\" data-hover-text-color-override=\"#ffffff\"><span>Send us a non-binding inquiry<\/span><i  class=\"fa fa-arrow-down\"><\/i><\/a>\n\t\t<\/div> \n\t<\/div>\n\t<\/div> \n\n\t<div  class=\"vc_col-sm-2 wpb_column column_container vc_column_container col no-extra-padding\"   data-t-w-inherits=\"default\" data-shadow=\"none\" data-border-radius=\"none\" data-border-animation=\"\" data-border-animation-delay=\"\" data-border-width=\"none\" data-border-style=\"solid\" data-border-color=\"\" data-bg-cover=\"\" data-padding-pos=\"all\" data-has-bg-color=\"false\" data-bg-color=\"\" data-bg-opacity=\"1\" data-hover-bg=\"\" data-hover-bg-opacity=\"1\" data-animation=\"\" data-delay=\"0\"><div class=\"column-bg-overlay\"><\/div>\n\t\t<div class=\"vc_column-inner\">\n\t\t<div class=\"wpb_wrapper\">\n\t\t\t\n\t\t<\/div> \n\t<\/div>\n\t<\/div> \n<\/div><\/div>\n\t\t\t<\/div> \n\t\t<\/div>\n\t<\/div> \n<\/div><\/div>","protected":false},"excerpt":{"rendered":"En lege tok under en helgevakt matpause i hjemmet, etter \u00e5 ha hatt en arbeids\u00f8kt der. Da hun gikk ut i hagen for \u00e5 spise, falt hun og skadet foten...","protected":false},"author":188,"featured_media":17295,"comment_status":"closed","ping_status":"closed","sticky":false,"template":"","format":"standard","meta":{"_analytify_skip_tracking":false,"footnotes":""},"categories":[40],"tags":[],"class_list":{"0":"post-17294","1":"post","2":"type-post","3":"status-publish","4":"format-standard","5":"has-post-thumbnail","7":"category-arbeidsrett"},"yoast_head":"<!-- This site is optimized with the Yoast SEO plugin v27.2 - https:\/\/yoast.com\/product\/yoast-seo-wordpress\/ -->\n<title>Fikk ikke yrkesskadedekning etter skade p\u00e5 hjemmekontor<\/title>\n<meta name=\"description\" content=\"H\u00f8yesterett kom til at legen ikke var \u00abi arbeid\u00bb da skaden inntraff. Hun hadde derfor ikke krav p\u00e5 yrkesskadedekning.\" \/>\n<meta name=\"robots\" content=\"index, follow, max-snippet:-1, max-image-preview:large, max-video-preview:-1\" \/>\n<link rel=\"canonical\" href=\"https:\/\/melo.no\/en\/juridisk-innsikt\/arbeidsrett\/fikk-ikke-yrkesskadedekning-etter-skade-pa-hjemmekontor\/\" \/>\n<meta name=\"twitter:label1\" content=\"Written by\" \/>\n\t<meta name=\"twitter:data1\" content=\"Atle Mel\u00f8\" \/>\n\t<meta name=\"twitter:label2\" content=\"Estimated reading time\" \/>\n\t<meta name=\"twitter:data2\" content=\"2 minutes\" \/>\n<script type=\"application\/ld+json\" class=\"yoast-schema-graph\">{\"@context\":\"https:\/\/schema.org\",\"@graph\":[{\"@type\":\"Article\",\"@id\":\"https:\/\/melo.no\/juridisk-innsikt\/arbeidsrett\/fikk-ikke-yrkesskadedekning-etter-skade-pa-hjemmekontor\/#article\",\"isPartOf\":{\"@id\":\"https:\/\/melo.no\/juridisk-innsikt\/arbeidsrett\/fikk-ikke-yrkesskadedekning-etter-skade-pa-hjemmekontor\/\"},\"author\":{\"name\":\"Atle Mel\u00f8\",\"@id\":\"https:\/\/melono.wpengine.com\/#\/schema\/person\/351ddaec8ea5c2caca44f44a288d6693\"},\"headline\":\"Fikk ikke yrkesskadedekning etter skade p\u00e5 hjemmekontor\",\"datePublished\":\"2024-09-03T08:51:30+00:00\",\"dateModified\":\"2024-12-25T14:26:41+00:00\",\"mainEntityOfPage\":{\"@id\":\"https:\/\/melo.no\/juridisk-innsikt\/arbeidsrett\/fikk-ikke-yrkesskadedekning-etter-skade-pa-hjemmekontor\/\"},\"wordCount\":931,\"publisher\":{\"@id\":\"https:\/\/melono.wpengine.com\/#organization\"},\"image\":{\"@id\":\"https:\/\/melo.no\/juridisk-innsikt\/arbeidsrett\/fikk-ikke-yrkesskadedekning-etter-skade-pa-hjemmekontor\/#primaryimage\"},\"thumbnailUrl\":\"https:\/\/melo.no\/wp-content\/uploads\/2024\/09\/hjemmekontor.jpg\",\"articleSection\":[\"Arbeidsrett\"],\"inLanguage\":\"en-GB\"},{\"@type\":\"WebPage\",\"@id\":\"https:\/\/melo.no\/juridisk-innsikt\/arbeidsrett\/fikk-ikke-yrkesskadedekning-etter-skade-pa-hjemmekontor\/\",\"url\":\"https:\/\/melo.no\/juridisk-innsikt\/arbeidsrett\/fikk-ikke-yrkesskadedekning-etter-skade-pa-hjemmekontor\/\",\"name\":\"Fikk ikke yrkesskadedekning etter skade p\u00e5 hjemmekontor\",\"isPartOf\":{\"@id\":\"https:\/\/melono.wpengine.com\/#website\"},\"primaryImageOfPage\":{\"@id\":\"https:\/\/melo.no\/juridisk-innsikt\/arbeidsrett\/fikk-ikke-yrkesskadedekning-etter-skade-pa-hjemmekontor\/#primaryimage\"},\"image\":{\"@id\":\"https:\/\/melo.no\/juridisk-innsikt\/arbeidsrett\/fikk-ikke-yrkesskadedekning-etter-skade-pa-hjemmekontor\/#primaryimage\"},\"thumbnailUrl\":\"https:\/\/melo.no\/wp-content\/uploads\/2024\/09\/hjemmekontor.jpg\",\"datePublished\":\"2024-09-03T08:51:30+00:00\",\"dateModified\":\"2024-12-25T14:26:41+00:00\",\"description\":\"H\u00f8yesterett kom til at legen ikke var \u00abi arbeid\u00bb da skaden inntraff. Hun hadde derfor ikke krav p\u00e5 yrkesskadedekning.\",\"breadcrumb\":{\"@id\":\"https:\/\/melo.no\/juridisk-innsikt\/arbeidsrett\/fikk-ikke-yrkesskadedekning-etter-skade-pa-hjemmekontor\/#breadcrumb\"},\"inLanguage\":\"en-GB\",\"potentialAction\":[{\"@type\":\"ReadAction\",\"target\":[\"https:\/\/melo.no\/juridisk-innsikt\/arbeidsrett\/fikk-ikke-yrkesskadedekning-etter-skade-pa-hjemmekontor\/\"]}]},{\"@type\":\"ImageObject\",\"inLanguage\":\"en-GB\",\"@id\":\"https:\/\/melo.no\/juridisk-innsikt\/arbeidsrett\/fikk-ikke-yrkesskadedekning-etter-skade-pa-hjemmekontor\/#primaryimage\",\"url\":\"https:\/\/melo.no\/wp-content\/uploads\/2024\/09\/hjemmekontor.jpg\",\"contentUrl\":\"https:\/\/melo.no\/wp-content\/uploads\/2024\/09\/hjemmekontor.jpg\",\"width\":1280,\"height\":853},{\"@type\":\"BreadcrumbList\",\"@id\":\"https:\/\/melo.no\/juridisk-innsikt\/arbeidsrett\/fikk-ikke-yrkesskadedekning-etter-skade-pa-hjemmekontor\/#breadcrumb\",\"itemListElement\":[{\"@type\":\"ListItem\",\"position\":1,\"name\":\"Hjem\",\"item\":\"https:\/\/melo.no\/\"},{\"@type\":\"ListItem\",\"position\":2,\"name\":\"Arbeidsrett\",\"item\":\"https:\/\/melono.wpengine.com\/juridisk-innsikt\/arbeidsrett\/\"},{\"@type\":\"ListItem\",\"position\":3,\"name\":\"Fikk ikke yrkesskadedekning etter skade p\u00e5 hjemmekontor\"}]},{\"@type\":\"WebSite\",\"@id\":\"https:\/\/melono.wpengine.com\/#website\",\"url\":\"https:\/\/melono.wpengine.com\/\",\"name\":\"Advokatfirmaet Mel\u00f8 AS\",\"description\":\"Advokat Trondheim\",\"publisher\":{\"@id\":\"https:\/\/melono.wpengine.com\/#organization\"},\"potentialAction\":[{\"@type\":\"SearchAction\",\"target\":{\"@type\":\"EntryPoint\",\"urlTemplate\":\"https:\/\/melono.wpengine.com\/?s={search_term_string}\"},\"query-input\":{\"@type\":\"PropertyValueSpecification\",\"valueRequired\":true,\"valueName\":\"search_term_string\"}}],\"inLanguage\":\"en-GB\"},{\"@type\":\"Organization\",\"@id\":\"https:\/\/melono.wpengine.com\/#organization\",\"name\":\"Advokatfirmaet Mel\u00f8 AS\",\"url\":\"https:\/\/melono.wpengine.com\/\",\"logo\":{\"@type\":\"ImageObject\",\"inLanguage\":\"en-GB\",\"@id\":\"https:\/\/melono.wpengine.com\/#\/schema\/logo\/image\/\",\"url\":\"https:\/\/melo.no\/wp-content\/uploads\/2019\/03\/Logo-Mel\u00f8-65.png\",\"contentUrl\":\"https:\/\/melo.no\/wp-content\/uploads\/2019\/03\/Logo-Mel\u00f8-65.png\",\"width\":261,\"height\":65,\"caption\":\"Advokatfirmaet Mel\u00f8 AS\"},\"image\":{\"@id\":\"https:\/\/melono.wpengine.com\/#\/schema\/logo\/image\/\"},\"sameAs\":[\"https:\/\/www.facebook.com\/advokatmelo\/\",\"https:\/\/no.linkedin.com\/company\/advokatfirmaet-mel\"]},{\"@type\":\"Person\",\"@id\":\"https:\/\/melono.wpengine.com\/#\/schema\/person\/351ddaec8ea5c2caca44f44a288d6693\",\"name\":\"Atle Mel\u00f8\",\"image\":{\"@type\":\"ImageObject\",\"inLanguage\":\"en-GB\",\"@id\":\"https:\/\/secure.gravatar.com\/avatar\/b895ae22f2496fa71e8de295bbf19174f3bc710000ab66a336806333176b10e7?s=96&d=mm&r=g\",\"url\":\"https:\/\/secure.gravatar.com\/avatar\/b895ae22f2496fa71e8de295bbf19174f3bc710000ab66a336806333176b10e7?s=96&d=mm&r=g\",\"contentUrl\":\"https:\/\/secure.gravatar.com\/avatar\/b895ae22f2496fa71e8de295bbf19174f3bc710000ab66a336806333176b10e7?s=96&d=mm&r=g\",\"caption\":\"Atle Mel\u00f8\"},\"url\":\"https:\/\/melo.no\/en\/juridisk-innsikt\/author\/atle\/\"}]}<\/script>\n<!-- \/ Yoast SEO plugin. -->","yoast_head_json":{"title":"Fikk ikke yrkesskadedekning etter skade p\u00e5 hjemmekontor","description":"H\u00f8yesterett kom til at legen ikke var \u00abi arbeid\u00bb da skaden inntraff. Hun hadde derfor ikke krav p\u00e5 yrkesskadedekning.","robots":{"index":"index","follow":"follow","max-snippet":"max-snippet:-1","max-image-preview":"max-image-preview:large","max-video-preview":"max-video-preview:-1"},"canonical":"https:\/\/melo.no\/en\/juridisk-innsikt\/arbeidsrett\/fikk-ikke-yrkesskadedekning-etter-skade-pa-hjemmekontor\/","twitter_misc":{"Written by":"Atle Mel\u00f8","Estimated reading time":"2 minutes"},"schema":{"@context":"https:\/\/schema.org","@graph":[{"@type":"Article","@id":"https:\/\/melo.no\/juridisk-innsikt\/arbeidsrett\/fikk-ikke-yrkesskadedekning-etter-skade-pa-hjemmekontor\/#article","isPartOf":{"@id":"https:\/\/melo.no\/juridisk-innsikt\/arbeidsrett\/fikk-ikke-yrkesskadedekning-etter-skade-pa-hjemmekontor\/"},"author":{"name":"Atle Mel\u00f8","@id":"https:\/\/melono.wpengine.com\/#\/schema\/person\/351ddaec8ea5c2caca44f44a288d6693"},"headline":"Fikk ikke yrkesskadedekning etter skade p\u00e5 hjemmekontor","datePublished":"2024-09-03T08:51:30+00:00","dateModified":"2024-12-25T14:26:41+00:00","mainEntityOfPage":{"@id":"https:\/\/melo.no\/juridisk-innsikt\/arbeidsrett\/fikk-ikke-yrkesskadedekning-etter-skade-pa-hjemmekontor\/"},"wordCount":931,"publisher":{"@id":"https:\/\/melono.wpengine.com\/#organization"},"image":{"@id":"https:\/\/melo.no\/juridisk-innsikt\/arbeidsrett\/fikk-ikke-yrkesskadedekning-etter-skade-pa-hjemmekontor\/#primaryimage"},"thumbnailUrl":"https:\/\/melo.no\/wp-content\/uploads\/2024\/09\/hjemmekontor.jpg","articleSection":["Arbeidsrett"],"inLanguage":"en-GB"},{"@type":"WebPage","@id":"https:\/\/melo.no\/juridisk-innsikt\/arbeidsrett\/fikk-ikke-yrkesskadedekning-etter-skade-pa-hjemmekontor\/","url":"https:\/\/melo.no\/juridisk-innsikt\/arbeidsrett\/fikk-ikke-yrkesskadedekning-etter-skade-pa-hjemmekontor\/","name":"Fikk ikke yrkesskadedekning etter skade p\u00e5 hjemmekontor","isPartOf":{"@id":"https:\/\/melono.wpengine.com\/#website"},"primaryImageOfPage":{"@id":"https:\/\/melo.no\/juridisk-innsikt\/arbeidsrett\/fikk-ikke-yrkesskadedekning-etter-skade-pa-hjemmekontor\/#primaryimage"},"image":{"@id":"https:\/\/melo.no\/juridisk-innsikt\/arbeidsrett\/fikk-ikke-yrkesskadedekning-etter-skade-pa-hjemmekontor\/#primaryimage"},"thumbnailUrl":"https:\/\/melo.no\/wp-content\/uploads\/2024\/09\/hjemmekontor.jpg","datePublished":"2024-09-03T08:51:30+00:00","dateModified":"2024-12-25T14:26:41+00:00","description":"H\u00f8yesterett kom til at legen ikke var \u00abi arbeid\u00bb da skaden inntraff. Hun hadde derfor ikke krav p\u00e5 yrkesskadedekning.","breadcrumb":{"@id":"https:\/\/melo.no\/juridisk-innsikt\/arbeidsrett\/fikk-ikke-yrkesskadedekning-etter-skade-pa-hjemmekontor\/#breadcrumb"},"inLanguage":"en-GB","potentialAction":[{"@type":"ReadAction","target":["https:\/\/melo.no\/juridisk-innsikt\/arbeidsrett\/fikk-ikke-yrkesskadedekning-etter-skade-pa-hjemmekontor\/"]}]},{"@type":"ImageObject","inLanguage":"en-GB","@id":"https:\/\/melo.no\/juridisk-innsikt\/arbeidsrett\/fikk-ikke-yrkesskadedekning-etter-skade-pa-hjemmekontor\/#primaryimage","url":"https:\/\/melo.no\/wp-content\/uploads\/2024\/09\/hjemmekontor.jpg","contentUrl":"https:\/\/melo.no\/wp-content\/uploads\/2024\/09\/hjemmekontor.jpg","width":1280,"height":853},{"@type":"BreadcrumbList","@id":"https:\/\/melo.no\/juridisk-innsikt\/arbeidsrett\/fikk-ikke-yrkesskadedekning-etter-skade-pa-hjemmekontor\/#breadcrumb","itemListElement":[{"@type":"ListItem","position":1,"name":"Hjem","item":"https:\/\/melo.no\/"},{"@type":"ListItem","position":2,"name":"Arbeidsrett","item":"https:\/\/melono.wpengine.com\/juridisk-innsikt\/arbeidsrett\/"},{"@type":"ListItem","position":3,"name":"Fikk ikke yrkesskadedekning etter skade p\u00e5 hjemmekontor"}]},{"@type":"WebSite","@id":"https:\/\/melono.wpengine.com\/#website","url":"https:\/\/melono.wpengine.com\/","name":"Advokatfirmaet Mel\u00f8 AS","description":"Trondheim","publisher":{"@id":"https:\/\/melono.wpengine.com\/#organization"},"potentialAction":[{"@type":"SearchAction","target":{"@type":"EntryPoint","urlTemplate":"https:\/\/melono.wpengine.com\/?s={search_term_string}"},"query-input":{"@type":"PropertyValueSpecification","valueRequired":true,"valueName":"search_term_string"}}],"inLanguage":"en-GB"},{"@type":"Organization","@id":"https:\/\/melono.wpengine.com\/#organization","name":"Advokatfirmaet Mel\u00f8 AS","url":"https:\/\/melono.wpengine.com\/","logo":{"@type":"ImageObject","inLanguage":"en-GB","@id":"https:\/\/melono.wpengine.com\/#\/schema\/logo\/image\/","url":"https:\/\/melo.no\/wp-content\/uploads\/2019\/03\/Logo-Mel\u00f8-65.png","contentUrl":"https:\/\/melo.no\/wp-content\/uploads\/2019\/03\/Logo-Mel\u00f8-65.png","width":261,"height":65,"caption":"Advokatfirmaet Mel\u00f8 AS"},"image":{"@id":"https:\/\/melono.wpengine.com\/#\/schema\/logo\/image\/"},"sameAs":["https:\/\/www.facebook.com\/advokatmelo\/","https:\/\/no.linkedin.com\/company\/advokatfirmaet-mel"]},{"@type":"Person","@id":"https:\/\/melono.wpengine.com\/#\/schema\/person\/351ddaec8ea5c2caca44f44a288d6693","name":"Atle Mel\u00f8","image":{"@type":"ImageObject","inLanguage":"en-GB","@id":"https:\/\/secure.gravatar.com\/avatar\/b895ae22f2496fa71e8de295bbf19174f3bc710000ab66a336806333176b10e7?s=96&d=mm&r=g","url":"https:\/\/secure.gravatar.com\/avatar\/b895ae22f2496fa71e8de295bbf19174f3bc710000ab66a336806333176b10e7?s=96&d=mm&r=g","contentUrl":"https:\/\/secure.gravatar.com\/avatar\/b895ae22f2496fa71e8de295bbf19174f3bc710000ab66a336806333176b10e7?s=96&d=mm&r=g","caption":"Atle Mel\u00f8"},"url":"https:\/\/melo.no\/en\/juridisk-innsikt\/author\/atle\/"}]}},"_links":{"self":[{"href":"https:\/\/melo.no\/en\/wp-json\/wp\/v2\/posts\/17294","targetHints":{"allow":["GET"]}}],"collection":[{"href":"https:\/\/melo.no\/en\/wp-json\/wp\/v2\/posts"}],"about":[{"href":"https:\/\/melo.no\/en\/wp-json\/wp\/v2\/types\/post"}],"author":[{"embeddable":true,"href":"https:\/\/melo.no\/en\/wp-json\/wp\/v2\/users\/188"}],"replies":[{"embeddable":true,"href":"https:\/\/melo.no\/en\/wp-json\/wp\/v2\/comments?post=17294"}],"version-history":[{"count":0,"href":"https:\/\/melo.no\/en\/wp-json\/wp\/v2\/posts\/17294\/revisions"}],"wp:featuredmedia":[{"embeddable":true,"href":"https:\/\/melo.no\/en\/wp-json\/wp\/v2\/media\/17295"}],"wp:attachment":[{"href":"https:\/\/melo.no\/en\/wp-json\/wp\/v2\/media?parent=17294"}],"wp:term":[{"taxonomy":"category","embeddable":true,"href":"https:\/\/melo.no\/en\/wp-json\/wp\/v2\/categories?post=17294"},{"taxonomy":"post_tag","embeddable":true,"href":"https:\/\/melo.no\/en\/wp-json\/wp\/v2\/tags?post=17294"}],"curies":[{"name":"wp","href":"https:\/\/api.w.org\/{rel}","templated":true}]}}