{"id":14827,"date":"2021-11-10T10:01:26","date_gmt":"2021-11-10T09:01:26","guid":{"rendered":"https:\/\/melo.no\/?p=14827"},"modified":"2023-09-27T14:20:16","modified_gmt":"2023-09-27T12:20:16","slug":"regjeringen-foreslar-okt-formuesskatt","status":"publish","type":"post","link":"https:\/\/melo.no\/en\/juridisk-innsikt\/skatt\/regjeringen-foreslar-okt-formuesskatt\/","title":{"rendered":"Regjeringen foresl\u00e5r \u00f8kt formuesskatt"},"content":{"rendered":"<div id=\"fws_69f1b37bbaa98\"  data-midnight=\"dark\" data-top-percent=\"3%\"  data-bg-mobile-hidden=\"\" class=\"wpb_row vc_row-fluid vc_row standard_section\"  style=\"padding-top: calc(100vw * 0.03); padding-bottom: 0px; \"><div class=\"row-bg-wrap\" data-bg-animation=\"none\"><div class=\"inner-wrap\"><div class=\"row-bg\"  style=\"\"><\/div><\/div><div class=\"row-bg-overlay\" ><\/div><\/div><div class=\"col span_12 dark left\">\n\t<div  class=\"vc_col-sm-8 wpb_column column_container vc_column_container col no-extra-padding\"  data-t-w-inherits=\"default\" data-border-radius=\"none\" data-shadow=\"none\" data-border-animation=\"\" data-border-animation-delay=\"\" data-border-width=\"none\" data-border-style=\"solid\" data-border-color=\"\" data-bg-cover=\"\" data-padding-pos=\"all\" data-has-bg-color=\"false\" data-bg-color=\"\" data-bg-opacity=\"1\" data-hover-bg=\"\" data-hover-bg-opacity=\"1\" data-animation=\"\" data-delay=\"0\" ><div class=\"column-bg-overlay\"><\/div>\n\t\t<div class=\"vc_column-inner\">\n\t\t\t<div class=\"wpb_wrapper\">\n\t\t\t\t<div id=\"fws_69f1b37bbafbe\" data-midnight=\"\" data-column-margin=\"default\" data-bg-mobile-hidden=\"\" class=\"wpb_row vc_row-fluid vc_row inner_row standard_section\"  style=\"padding-top: 0px; padding-bottom: 0px; \"><div class=\"row-bg-wrap\"> <div class=\"row-bg\"  style=\"\"><\/div> <\/div><div class=\"col span_12  left\">\n\t<div  class=\"vc_col-sm-12 wpb_column column_container vc_column_container col has-animation no-extra-padding\"   data-t-w-inherits=\"default\" data-shadow=\"none\" data-border-radius=\"none\" data-border-animation=\"\" data-border-animation-delay=\"\" data-border-width=\"none\" data-border-style=\"solid\" data-border-color=\"\" data-bg-cover=\"\" data-padding-pos=\"top-bottom\" data-has-bg-color=\"false\" data-bg-color=\"\" data-bg-opacity=\"1\" data-hover-bg=\"\" data-hover-bg-opacity=\"1\" data-animation=\"fade-in-from-bottom\" data-delay=\"0\"><div class=\"column-bg-overlay\"><\/div>\n\t\t<div class=\"vc_column-inner\">\n\t\t<div class=\"wpb_wrapper\">\n\t\t\t\r\n<div class=\"wpb_text_column wpb_content_element  vc_custom_1636535154224\" >\r\n\t<div class=\"wpb_wrapper\">\r\n\t\t<p>Regjeringen foresl\u00e5r \u00f8kt skatt p\u00e5 formue ved \u00e5 \u00f8ke verdsettelsen av flere typer formuesobjekter og \u00e5 \u00f8ke formuesskattesatsen. Samtidig foresl\u00e5r regjeringen \u00e5 \u00f8ke bunnfradraget, slik at f\u00e6rre med lave formuer skal betale formuesskatt.<\/p>\n<h2>\u00d8kt verdsettelse<\/h2>\n<p>I &laquo;Hurdalsplattformen&raquo; heter det at aksjer og n\u00e6ringseiendom mv. skal verdsettes til 80 prosent. Regjeringen skal vurdere en ny avgrensning som skjermer driftsmidler fra \u00f8kt verdsettelse i formuesskatten. Dette skal utredes n\u00e6rmere. Regjeringen foresl\u00e5r i denne omgang en moderat \u00f8kning i verdsettelsen av aksjer og driftsmidler mv., fra 55 prosent i 2021 til 65 prosent i 2022.<\/p>\n<p>Regjeringen foresl\u00e5r videre \u00e5 \u00f8ke verdsettelsen av de dyreste prim\u00e6rboligene. Den delen av verdien som overstiger 10 millioner kroner, f\u00e5r \u00f8kt verdsettelsen fra 25 prosent i 2021 til 50 prosent fra 2022.<\/p>\n<p>Det foresl\u00e5s at formuesverdien av fritidsboliger oppjusteres med 25 prosent.<\/p>\n<h2>\u00d8kt bunnfradrag<\/h2>\n<p>Regjeringen foresl\u00e5r at bunnfradraget \u00f8kes fra 1,5 millioner kroner i 2021 til 1,65 millioner kroner i 2022.<\/p>\n<h2>\u00d8kt skattesats<\/h2>\n<p>Regjeringen foresl\u00e5r \u00e5 \u00f8ke formuesskattesatsen med 0,1 prosentenheter til 0,95 prosent i 2022.<\/p>\n<p>Les mer i <a href=\"https:\/\/www.regjeringen.no\/id\/prp202120220001ls1dddepis\">Prop. 1 LS Tillegg 1 (2021\u20132022) Endring av Prop. 1 LS (2021\u20132022) <\/a><a href=\"https:\/\/www.regjeringen.no\/id\/prp202120220001ls1dddepis\">Skatter, avgifter og toll 2022<\/a>,\u00a0kapittel 4.<\/p>\n<p>Source: <a href=\"https:\/\/www.regjeringen.no\/no\/aktuelt\/endring-i-formuesskatten-for-bedre-fordeling\/id2884950\/\">Finansdepartementet<\/a><\/p>\n\t<\/div>\r\n<\/div>\r\n\r\n\r\n\r\n\n\t\t<\/div> \n\t<\/div>\n\t<\/div> \n<\/div><\/div>\n\t\t\t<\/div> \n\t\t<\/div>\n\t<\/div> \n\n\t<div  class=\"vc_col-sm-4 wpb_column column_container vc_column_container col no-extra-padding\"  data-t-w-inherits=\"default\" data-border-radius=\"none\" data-shadow=\"none\" data-border-animation=\"\" data-border-animation-delay=\"\" data-border-width=\"none\" data-border-style=\"solid\" data-border-color=\"\" data-bg-cover=\"\" data-padding-pos=\"all\" data-has-bg-color=\"false\" data-bg-color=\"\" data-bg-opacity=\"1\" data-hover-bg=\"\" data-hover-bg-opacity=\"1\" data-animation=\"\" data-delay=\"0\" ><div class=\"column-bg-overlay\"><\/div>\n\t\t<div class=\"vc_column-inner\">\n\t\t\t<div class=\"wpb_wrapper\">\n\t\t\t\t<div id=\"fws_69f1b37bbb73a\" data-midnight=\"\" data-column-margin=\"default\" data-bg-mobile-hidden=\"\" class=\"wpb_row vc_row-fluid vc_row inner_row standard_section\"  style=\"padding-top: 0px; padding-bottom: 0px; \"><div class=\"row-bg-wrap\"> <div class=\"row-bg\"  style=\"\"><\/div> <\/div><div class=\"col span_12  left\">\n\t<div  class=\"vc_col-sm-12 wpb_column column_container vc_column_container col no-extra-padding\"   data-t-w-inherits=\"default\" data-shadow=\"none\" data-border-radius=\"10px\" data-border-animation=\"\" data-border-animation-delay=\"\" data-border-width=\"none\" data-border-style=\"solid\" data-border-color=\"\" data-bg-cover=\"\" data-padding-pos=\"all\" data-has-bg-color=\"false\" data-bg-color=\"\" data-bg-opacity=\"1\" data-hover-bg=\"\" data-hover-bg-opacity=\"1\" data-animation=\"\" data-delay=\"0\"><div class=\"column-bg-overlay\"><\/div>\n\t\t<div class=\"vc_column-inner\">\n\t\t<div class=\"wpb_wrapper\">\n\t\t\t<div class=\"team-member\" data-style=\"meta_below\"><img decoding=\"async\" alt=\"Atle Mel\u00f8\" src=\"https:\/\/melo.no\/wp-content\/uploads\/2021\/08\/Atle-Melo-10.8-scaled.jpg\" title=\"Atle Mel\u00f8\" \/><h4 class=\"light\">Atle Mel\u00f8<\/h4><div class=\"position\">Partner<\/div><p class=\"description\">amelo@melo.no<br \/>\n+47 951 80 979<\/p><\/div>\n\t\t<\/div> \n\t<\/div>\n\t<\/div> \n<\/div><\/div>\n\t\t\t<\/div> \n\t\t<\/div>\n\t<\/div> \n<\/div><\/div>\n\t\t<div id=\"fws_69f1b37bbc4d9\"  data-midnight=\"dark\"  data-bg-mobile-hidden=\"\" class=\"wpb_row vc_row-fluid vc_row standard_section\"  style=\"padding-top: 0px; padding-bottom: 0px; \"><div class=\"row-bg-wrap\" data-bg-animation=\"none\"><div class=\"inner-wrap\"><div class=\"row-bg\"  style=\"\"><\/div><\/div><div class=\"row-bg-overlay\" ><\/div><\/div><div class=\"col span_12 dark left\">\n\t<div  class=\"vc_col-sm-12 wpb_column column_container vc_column_container col no-extra-padding\"  data-t-w-inherits=\"default\" data-border-radius=\"none\" data-shadow=\"none\" data-border-animation=\"\" data-border-animation-delay=\"\" data-border-width=\"none\" data-border-style=\"solid\" data-border-color=\"\" data-bg-cover=\"\" data-padding-pos=\"all\" data-has-bg-color=\"false\" data-bg-color=\"\" data-bg-opacity=\"1\" data-hover-bg=\"\" data-hover-bg-opacity=\"1\" data-animation=\"\" data-delay=\"0\" ><div class=\"column-bg-overlay\"><\/div>\n\t\t<div class=\"vc_column-inner\">\n\t\t\t<div class=\"wpb_wrapper\">\n\t\t\t\t<div class=\"divider-wrap\" data-alignment=\"default\"><div style=\"height: 15px;\" class=\"divider\"><\/div><\/div>\n\t\t\t<\/div> \n\t\t<\/div>\n\t<\/div> \n<\/div><\/div>\n\t\t<div id=\"fws_69f1b37bbcb62\"  data-midnight=\"light\" data-top-percent=\"6%\" data-bottom-percent=\"6%\"  data-bg-mobile-hidden=\"\" class=\"wpb_row vc_row-fluid vc_row full-width-section  vc_row-o-equal-height vc_row-flex  vc_row-o-content-middle standard_section\"  style=\"padding-top: calc(100vw * 0.06); padding-bottom: calc(100vw * 0.06); \"><div class=\"row-bg-wrap\" data-bg-animation=\"none\"><div class=\"inner-wrap using-image\"><div class=\"row-bg using-image\"  style=\"background-image: url(https:\/\/melo.no\/wp-content\/uploads\/2020\/10\/Kalender.jpg); background-position: center center; background-repeat: no-repeat; \"><\/div><\/div><div class=\"row-bg-overlay\" style=\"background-color:rgba(10,6,6,0.84);  opacity: 0.5; \"><\/div><\/div><div class=\"col span_12 light left\">\n\t<div  class=\"vc_col-sm-12 wpb_column column_container vc_column_container col no-extra-padding\"  data-t-w-inherits=\"default\" data-border-radius=\"none\" data-shadow=\"none\" data-border-animation=\"\" data-border-animation-delay=\"\" data-border-width=\"none\" data-border-style=\"solid\" data-border-color=\"\" data-bg-cover=\"\" data-padding-pos=\"all\" data-has-bg-color=\"false\" data-bg-color=\"\" data-bg-opacity=\"1\" data-hover-bg=\"\" data-hover-bg-opacity=\"1\" data-animation=\"\" data-delay=\"0\" ><div class=\"column-bg-overlay\"><\/div>\n\t\t<div class=\"vc_column-inner\">\n\t\t\t<div class=\"wpb_wrapper\">\n\t\t\t\t<div id=\"fws_69f1b37bbce77\" data-midnight=\"\" data-column-margin=\"default\" data-bg-mobile-hidden=\"\" class=\"wpb_row vc_row-fluid vc_row inner_row standard_section\"  style=\"padding-top: 0px; padding-bottom: 0px; \"><div class=\"row-bg-wrap\"> <div class=\"row-bg\"  style=\"\"><\/div> <\/div><div class=\"col span_12  left\">\n\t<div  class=\"vc_col-sm-2 wpb_column column_container vc_column_container col no-extra-padding\"   data-t-w-inherits=\"default\" data-shadow=\"none\" data-border-radius=\"none\" data-border-animation=\"\" data-border-animation-delay=\"\" data-border-width=\"none\" data-border-style=\"solid\" data-border-color=\"\" data-bg-cover=\"\" data-padding-pos=\"all\" data-has-bg-color=\"false\" data-bg-color=\"\" data-bg-opacity=\"1\" data-hover-bg=\"\" data-hover-bg-opacity=\"1\" data-animation=\"\" data-delay=\"0\"><div class=\"column-bg-overlay\"><\/div>\n\t\t<div class=\"vc_column-inner\">\n\t\t<div class=\"wpb_wrapper\">\n\t\t\t\n\t\t<\/div> \n\t<\/div>\n\t<\/div> \n\n\t<div  class=\"vc_col-sm-8 wpb_column column_container vc_column_container col centered-text padding-2-percent\"   data-t-w-inherits=\"default\" data-shadow=\"none\" data-border-radius=\"none\" data-border-animation=\"\" data-border-animation-delay=\"\" data-border-width=\"none\" data-border-style=\"solid\" data-border-color=\"\" data-bg-cover=\"\" data-padding-pos=\"left-right\" data-has-bg-color=\"false\" data-bg-color=\"\" data-bg-opacity=\"1\" data-hover-bg=\"\" data-hover-bg-opacity=\"1\" data-animation=\"\" data-delay=\"0\"><div class=\"column-bg-overlay\"><\/div>\n\t\t<div class=\"vc_column-inner\">\n\t\t<div class=\"wpb_wrapper\">\n\t\t\t<h2 style=\"font-size: 40px;line-height: 52px;text-align: center\" class=\"vc_custom_heading wpb_animate_when_almost_visible wpb_fadeInUp fadeInUp\" >Any questions regarding tax?<\/h2><div class=\"divider-wrap\" data-alignment=\"default\"><div style=\"height: 40px;\" class=\"divider\"><\/div><\/div><a class=\"nectar-button large see-through-3  has-icon wpb_animate_when_almost_visible wpb_zoomIn zoomIn\"  style=\"border-color: #d1b48d;\"  href=\"mailto:post@melo.no\" data-color-override=\"#d1b48d\" data-hover-color-override=\"false\" data-hover-text-color-override=\"#ffffff\"><span>Send us a non-binding inquiry<\/span><i  class=\"fa fa-arrow-down\"><\/i><\/a>\n\t\t<\/div> \n\t<\/div>\n\t<\/div> \n\n\t<div  class=\"vc_col-sm-2 wpb_column column_container vc_column_container col no-extra-padding\"   data-t-w-inherits=\"default\" data-shadow=\"none\" data-border-radius=\"none\" data-border-animation=\"\" data-border-animation-delay=\"\" data-border-width=\"none\" data-border-style=\"solid\" data-border-color=\"\" data-bg-cover=\"\" data-padding-pos=\"all\" data-has-bg-color=\"false\" data-bg-color=\"\" data-bg-opacity=\"1\" data-hover-bg=\"\" data-hover-bg-opacity=\"1\" data-animation=\"\" data-delay=\"0\"><div class=\"column-bg-overlay\"><\/div>\n\t\t<div class=\"vc_column-inner\">\n\t\t<div class=\"wpb_wrapper\">\n\t\t\t\n\t\t<\/div> \n\t<\/div>\n\t<\/div> \n<\/div><\/div>\n\t\t\t<\/div> \n\t\t<\/div>\n\t<\/div> \n<\/div><\/div>","protected":false},"excerpt":{"rendered":"Regjeringen foresl\u00e5r \u00f8kt skatt p\u00e5 formue ved \u00e5 \u00f8ke verdsettelsen av flere typer formuesobjekter og \u00e5 \u00f8ke formuesskattesatsen. Samtidig foresl\u00e5r regjeringen \u00e5 \u00f8ke bunnfradraget, slik at f\u00e6rre med lave formuer...","protected":false},"author":188,"featured_media":14828,"comment_status":"closed","ping_status":"closed","sticky":false,"template":"","format":"standard","meta":{"_analytify_skip_tracking":false,"footnotes":""},"categories":[36],"tags":[],"class_list":{"0":"post-14827","1":"post","2":"type-post","3":"status-publish","4":"format-standard","5":"has-post-thumbnail","7":"category-skatt"},"yoast_head":"<!-- This site is optimized with the Yoast SEO plugin v27.2 - https:\/\/yoast.com\/product\/yoast-seo-wordpress\/ -->\n<title>Regjeringen foresl\u00e5r \u00f8kt formuesskatt<\/title>\n<meta name=\"description\" content=\"Regjeringen foresl\u00e5r \u00f8kt skatt p\u00e5 formue ved \u00e5 \u00f8ke verdsettelsen av flere typer formuesobjekter og \u00e5 \u00f8ke formuesskattesatsen.\" \/>\n<meta name=\"robots\" content=\"index, follow, max-snippet:-1, max-image-preview:large, max-video-preview:-1\" \/>\n<link rel=\"canonical\" href=\"https:\/\/melo.no\/en\/juridisk-innsikt\/skatt\/regjeringen-foreslar-okt-formuesskatt\/\" \/>\n<meta name=\"twitter:label1\" content=\"Written by\" \/>\n\t<meta name=\"twitter:data1\" content=\"Atle Mel\u00f8\" \/>\n\t<meta name=\"twitter:label2\" content=\"Estimated reading time\" \/>\n\t<meta name=\"twitter:data2\" content=\"3 minutes\" \/>\n<script type=\"application\/ld+json\" class=\"yoast-schema-graph\">{\"@context\":\"https:\/\/schema.org\",\"@graph\":[{\"@type\":\"Article\",\"@id\":\"https:\/\/melo.no\/juridisk-innsikt\/skatt\/regjeringen-foreslar-okt-formuesskatt\/#article\",\"isPartOf\":{\"@id\":\"https:\/\/melo.no\/juridisk-innsikt\/skatt\/regjeringen-foreslar-okt-formuesskatt\/\"},\"author\":{\"name\":\"Atle Mel\u00f8\",\"@id\":\"https:\/\/melono.wpengine.com\/#\/schema\/person\/351ddaec8ea5c2caca44f44a288d6693\"},\"headline\":\"Regjeringen foresl\u00e5r \u00f8kt formuesskatt\",\"datePublished\":\"2021-11-10T09:01:26+00:00\",\"dateModified\":\"2023-09-27T12:20:16+00:00\",\"mainEntityOfPage\":{\"@id\":\"https:\/\/melo.no\/juridisk-innsikt\/skatt\/regjeringen-foreslar-okt-formuesskatt\/\"},\"wordCount\":920,\"publisher\":{\"@id\":\"https:\/\/melono.wpengine.com\/#organization\"},\"image\":{\"@id\":\"https:\/\/melo.no\/juridisk-innsikt\/skatt\/regjeringen-foreslar-okt-formuesskatt\/#primaryimage\"},\"thumbnailUrl\":\"https:\/\/melo.no\/wp-content\/uploads\/2021\/11\/formuesskatt-sparegris.jpg\",\"articleSection\":[\"Skatt\"],\"inLanguage\":\"en-GB\"},{\"@type\":\"WebPage\",\"@id\":\"https:\/\/melo.no\/juridisk-innsikt\/skatt\/regjeringen-foreslar-okt-formuesskatt\/\",\"url\":\"https:\/\/melo.no\/juridisk-innsikt\/skatt\/regjeringen-foreslar-okt-formuesskatt\/\",\"name\":\"Regjeringen foresl\u00e5r \u00f8kt formuesskatt\",\"isPartOf\":{\"@id\":\"https:\/\/melono.wpengine.com\/#website\"},\"primaryImageOfPage\":{\"@id\":\"https:\/\/melo.no\/juridisk-innsikt\/skatt\/regjeringen-foreslar-okt-formuesskatt\/#primaryimage\"},\"image\":{\"@id\":\"https:\/\/melo.no\/juridisk-innsikt\/skatt\/regjeringen-foreslar-okt-formuesskatt\/#primaryimage\"},\"thumbnailUrl\":\"https:\/\/melo.no\/wp-content\/uploads\/2021\/11\/formuesskatt-sparegris.jpg\",\"datePublished\":\"2021-11-10T09:01:26+00:00\",\"dateModified\":\"2023-09-27T12:20:16+00:00\",\"description\":\"Regjeringen foresl\u00e5r \u00f8kt skatt p\u00e5 formue ved \u00e5 \u00f8ke verdsettelsen av flere typer formuesobjekter og \u00e5 \u00f8ke formuesskattesatsen.\",\"breadcrumb\":{\"@id\":\"https:\/\/melo.no\/juridisk-innsikt\/skatt\/regjeringen-foreslar-okt-formuesskatt\/#breadcrumb\"},\"inLanguage\":\"en-GB\",\"potentialAction\":[{\"@type\":\"ReadAction\",\"target\":[\"https:\/\/melo.no\/juridisk-innsikt\/skatt\/regjeringen-foreslar-okt-formuesskatt\/\"]}]},{\"@type\":\"ImageObject\",\"inLanguage\":\"en-GB\",\"@id\":\"https:\/\/melo.no\/juridisk-innsikt\/skatt\/regjeringen-foreslar-okt-formuesskatt\/#primaryimage\",\"url\":\"https:\/\/melo.no\/wp-content\/uploads\/2021\/11\/formuesskatt-sparegris.jpg\",\"contentUrl\":\"https:\/\/melo.no\/wp-content\/uploads\/2021\/11\/formuesskatt-sparegris.jpg\",\"width\":1280,\"height\":853,\"caption\":\"Regjeringen foresl\u00e5r \u00f8kt formuesskatt\"},{\"@type\":\"BreadcrumbList\",\"@id\":\"https:\/\/melo.no\/juridisk-innsikt\/skatt\/regjeringen-foreslar-okt-formuesskatt\/#breadcrumb\",\"itemListElement\":[{\"@type\":\"ListItem\",\"position\":1,\"name\":\"Hjem\",\"item\":\"https:\/\/melo.no\/\"},{\"@type\":\"ListItem\",\"position\":2,\"name\":\"Skatt\",\"item\":\"https:\/\/melono.wpengine.com\/juridisk-innsikt\/skatt\/\"},{\"@type\":\"ListItem\",\"position\":3,\"name\":\"Regjeringen foresl\u00e5r \u00f8kt formuesskatt\"}]},{\"@type\":\"WebSite\",\"@id\":\"https:\/\/melono.wpengine.com\/#website\",\"url\":\"https:\/\/melono.wpengine.com\/\",\"name\":\"Advokatfirmaet Mel\u00f8 AS\",\"description\":\"Advokat Trondheim\",\"publisher\":{\"@id\":\"https:\/\/melono.wpengine.com\/#organization\"},\"potentialAction\":[{\"@type\":\"SearchAction\",\"target\":{\"@type\":\"EntryPoint\",\"urlTemplate\":\"https:\/\/melono.wpengine.com\/?s={search_term_string}\"},\"query-input\":{\"@type\":\"PropertyValueSpecification\",\"valueRequired\":true,\"valueName\":\"search_term_string\"}}],\"inLanguage\":\"en-GB\"},{\"@type\":\"Organization\",\"@id\":\"https:\/\/melono.wpengine.com\/#organization\",\"name\":\"Advokatfirmaet Mel\u00f8 AS\",\"url\":\"https:\/\/melono.wpengine.com\/\",\"logo\":{\"@type\":\"ImageObject\",\"inLanguage\":\"en-GB\",\"@id\":\"https:\/\/melono.wpengine.com\/#\/schema\/logo\/image\/\",\"url\":\"https:\/\/melo.no\/wp-content\/uploads\/2019\/03\/Logo-Mel\u00f8-65.png\",\"contentUrl\":\"https:\/\/melo.no\/wp-content\/uploads\/2019\/03\/Logo-Mel\u00f8-65.png\",\"width\":261,\"height\":65,\"caption\":\"Advokatfirmaet Mel\u00f8 AS\"},\"image\":{\"@id\":\"https:\/\/melono.wpengine.com\/#\/schema\/logo\/image\/\"},\"sameAs\":[\"https:\/\/www.facebook.com\/advokatmelo\/\",\"https:\/\/no.linkedin.com\/company\/advokatfirmaet-mel\"]},{\"@type\":\"Person\",\"@id\":\"https:\/\/melono.wpengine.com\/#\/schema\/person\/351ddaec8ea5c2caca44f44a288d6693\",\"name\":\"Atle Mel\u00f8\",\"image\":{\"@type\":\"ImageObject\",\"inLanguage\":\"en-GB\",\"@id\":\"https:\/\/secure.gravatar.com\/avatar\/b895ae22f2496fa71e8de295bbf19174f3bc710000ab66a336806333176b10e7?s=96&d=mm&r=g\",\"url\":\"https:\/\/secure.gravatar.com\/avatar\/b895ae22f2496fa71e8de295bbf19174f3bc710000ab66a336806333176b10e7?s=96&d=mm&r=g\",\"contentUrl\":\"https:\/\/secure.gravatar.com\/avatar\/b895ae22f2496fa71e8de295bbf19174f3bc710000ab66a336806333176b10e7?s=96&d=mm&r=g\",\"caption\":\"Atle Mel\u00f8\"},\"url\":\"https:\/\/melo.no\/en\/juridisk-innsikt\/author\/atle\/\"}]}<\/script>\n<!-- \/ Yoast SEO plugin. -->","yoast_head_json":{"title":"Regjeringen foresl\u00e5r \u00f8kt formuesskatt","description":"Regjeringen foresl\u00e5r \u00f8kt skatt p\u00e5 formue ved \u00e5 \u00f8ke verdsettelsen av flere typer formuesobjekter og \u00e5 \u00f8ke formuesskattesatsen.","robots":{"index":"index","follow":"follow","max-snippet":"max-snippet:-1","max-image-preview":"max-image-preview:large","max-video-preview":"max-video-preview:-1"},"canonical":"https:\/\/melo.no\/en\/juridisk-innsikt\/skatt\/regjeringen-foreslar-okt-formuesskatt\/","twitter_misc":{"Written by":"Atle Mel\u00f8","Estimated reading time":"3 minutes"},"schema":{"@context":"https:\/\/schema.org","@graph":[{"@type":"Article","@id":"https:\/\/melo.no\/juridisk-innsikt\/skatt\/regjeringen-foreslar-okt-formuesskatt\/#article","isPartOf":{"@id":"https:\/\/melo.no\/juridisk-innsikt\/skatt\/regjeringen-foreslar-okt-formuesskatt\/"},"author":{"name":"Atle Mel\u00f8","@id":"https:\/\/melono.wpengine.com\/#\/schema\/person\/351ddaec8ea5c2caca44f44a288d6693"},"headline":"Regjeringen foresl\u00e5r \u00f8kt formuesskatt","datePublished":"2021-11-10T09:01:26+00:00","dateModified":"2023-09-27T12:20:16+00:00","mainEntityOfPage":{"@id":"https:\/\/melo.no\/juridisk-innsikt\/skatt\/regjeringen-foreslar-okt-formuesskatt\/"},"wordCount":920,"publisher":{"@id":"https:\/\/melono.wpengine.com\/#organization"},"image":{"@id":"https:\/\/melo.no\/juridisk-innsikt\/skatt\/regjeringen-foreslar-okt-formuesskatt\/#primaryimage"},"thumbnailUrl":"https:\/\/melo.no\/wp-content\/uploads\/2021\/11\/formuesskatt-sparegris.jpg","articleSection":["Skatt"],"inLanguage":"en-GB"},{"@type":"WebPage","@id":"https:\/\/melo.no\/juridisk-innsikt\/skatt\/regjeringen-foreslar-okt-formuesskatt\/","url":"https:\/\/melo.no\/juridisk-innsikt\/skatt\/regjeringen-foreslar-okt-formuesskatt\/","name":"Regjeringen foresl\u00e5r \u00f8kt formuesskatt","isPartOf":{"@id":"https:\/\/melono.wpengine.com\/#website"},"primaryImageOfPage":{"@id":"https:\/\/melo.no\/juridisk-innsikt\/skatt\/regjeringen-foreslar-okt-formuesskatt\/#primaryimage"},"image":{"@id":"https:\/\/melo.no\/juridisk-innsikt\/skatt\/regjeringen-foreslar-okt-formuesskatt\/#primaryimage"},"thumbnailUrl":"https:\/\/melo.no\/wp-content\/uploads\/2021\/11\/formuesskatt-sparegris.jpg","datePublished":"2021-11-10T09:01:26+00:00","dateModified":"2023-09-27T12:20:16+00:00","description":"Regjeringen foresl\u00e5r \u00f8kt skatt p\u00e5 formue ved \u00e5 \u00f8ke verdsettelsen av flere typer formuesobjekter og \u00e5 \u00f8ke formuesskattesatsen.","breadcrumb":{"@id":"https:\/\/melo.no\/juridisk-innsikt\/skatt\/regjeringen-foreslar-okt-formuesskatt\/#breadcrumb"},"inLanguage":"en-GB","potentialAction":[{"@type":"ReadAction","target":["https:\/\/melo.no\/juridisk-innsikt\/skatt\/regjeringen-foreslar-okt-formuesskatt\/"]}]},{"@type":"ImageObject","inLanguage":"en-GB","@id":"https:\/\/melo.no\/juridisk-innsikt\/skatt\/regjeringen-foreslar-okt-formuesskatt\/#primaryimage","url":"https:\/\/melo.no\/wp-content\/uploads\/2021\/11\/formuesskatt-sparegris.jpg","contentUrl":"https:\/\/melo.no\/wp-content\/uploads\/2021\/11\/formuesskatt-sparegris.jpg","width":1280,"height":853,"caption":"Regjeringen foresl\u00e5r \u00f8kt formuesskatt"},{"@type":"BreadcrumbList","@id":"https:\/\/melo.no\/juridisk-innsikt\/skatt\/regjeringen-foreslar-okt-formuesskatt\/#breadcrumb","itemListElement":[{"@type":"ListItem","position":1,"name":"Hjem","item":"https:\/\/melo.no\/"},{"@type":"ListItem","position":2,"name":"Skatt","item":"https:\/\/melono.wpengine.com\/juridisk-innsikt\/skatt\/"},{"@type":"ListItem","position":3,"name":"Regjeringen foresl\u00e5r \u00f8kt formuesskatt"}]},{"@type":"WebSite","@id":"https:\/\/melono.wpengine.com\/#website","url":"https:\/\/melono.wpengine.com\/","name":"Advokatfirmaet Mel\u00f8 AS","description":"Trondheim","publisher":{"@id":"https:\/\/melono.wpengine.com\/#organization"},"potentialAction":[{"@type":"SearchAction","target":{"@type":"EntryPoint","urlTemplate":"https:\/\/melono.wpengine.com\/?s={search_term_string}"},"query-input":{"@type":"PropertyValueSpecification","valueRequired":true,"valueName":"search_term_string"}}],"inLanguage":"en-GB"},{"@type":"Organization","@id":"https:\/\/melono.wpengine.com\/#organization","name":"Advokatfirmaet Mel\u00f8 AS","url":"https:\/\/melono.wpengine.com\/","logo":{"@type":"ImageObject","inLanguage":"en-GB","@id":"https:\/\/melono.wpengine.com\/#\/schema\/logo\/image\/","url":"https:\/\/melo.no\/wp-content\/uploads\/2019\/03\/Logo-Mel\u00f8-65.png","contentUrl":"https:\/\/melo.no\/wp-content\/uploads\/2019\/03\/Logo-Mel\u00f8-65.png","width":261,"height":65,"caption":"Advokatfirmaet Mel\u00f8 AS"},"image":{"@id":"https:\/\/melono.wpengine.com\/#\/schema\/logo\/image\/"},"sameAs":["https:\/\/www.facebook.com\/advokatmelo\/","https:\/\/no.linkedin.com\/company\/advokatfirmaet-mel"]},{"@type":"Person","@id":"https:\/\/melono.wpengine.com\/#\/schema\/person\/351ddaec8ea5c2caca44f44a288d6693","name":"Atle Mel\u00f8","image":{"@type":"ImageObject","inLanguage":"en-GB","@id":"https:\/\/secure.gravatar.com\/avatar\/b895ae22f2496fa71e8de295bbf19174f3bc710000ab66a336806333176b10e7?s=96&d=mm&r=g","url":"https:\/\/secure.gravatar.com\/avatar\/b895ae22f2496fa71e8de295bbf19174f3bc710000ab66a336806333176b10e7?s=96&d=mm&r=g","contentUrl":"https:\/\/secure.gravatar.com\/avatar\/b895ae22f2496fa71e8de295bbf19174f3bc710000ab66a336806333176b10e7?s=96&d=mm&r=g","caption":"Atle Mel\u00f8"},"url":"https:\/\/melo.no\/en\/juridisk-innsikt\/author\/atle\/"}]}},"_links":{"self":[{"href":"https:\/\/melo.no\/en\/wp-json\/wp\/v2\/posts\/14827","targetHints":{"allow":["GET"]}}],"collection":[{"href":"https:\/\/melo.no\/en\/wp-json\/wp\/v2\/posts"}],"about":[{"href":"https:\/\/melo.no\/en\/wp-json\/wp\/v2\/types\/post"}],"author":[{"embeddable":true,"href":"https:\/\/melo.no\/en\/wp-json\/wp\/v2\/users\/188"}],"replies":[{"embeddable":true,"href":"https:\/\/melo.no\/en\/wp-json\/wp\/v2\/comments?post=14827"}],"version-history":[{"count":0,"href":"https:\/\/melo.no\/en\/wp-json\/wp\/v2\/posts\/14827\/revisions"}],"wp:featuredmedia":[{"embeddable":true,"href":"https:\/\/melo.no\/en\/wp-json\/wp\/v2\/media\/14828"}],"wp:attachment":[{"href":"https:\/\/melo.no\/en\/wp-json\/wp\/v2\/media?parent=14827"}],"wp:term":[{"taxonomy":"category","embeddable":true,"href":"https:\/\/melo.no\/en\/wp-json\/wp\/v2\/categories?post=14827"},{"taxonomy":"post_tag","embeddable":true,"href":"https:\/\/melo.no\/en\/wp-json\/wp\/v2\/tags?post=14827"}],"curies":[{"name":"wp","href":"https:\/\/api.w.org\/{rel}","templated":true}]}}